{"id":579,"date":"2014-02-25T21:18:23","date_gmt":"2014-02-25T20:18:23","guid":{"rendered":"http:\/\/www.valpolicella2000.it\/a\/?p=579"},"modified":"2016-04-28T13:39:51","modified_gmt":"2016-04-28T11:39:51","slug":"la-valpolicella-ha-bisogno-di-essere-salvata","status":"publish","type":"post","link":"https:\/\/www.maranovalpolicella.it\/valpolicella2000\/?p=579","title":{"rendered":"la Valpolicella ha bisogno di essere salvata\u00bb"},"content":{"rendered":"<h1>\u00abCara Regione, la Valpolicella ha bisogno di essere salvata\u00bb<\/h1>\n<h3>Personalit\u00e0 di spicco come Diamanti, Prodi, Settis, Pratesi, Emiliani invitano a bloccare i progetti per Arbizzano, San Pietro e Marezzane<\/h3>\n<div>\n<p>&nbsp;<\/p>\n<div>\n<div><\/div>\n<div><img decoding=\"async\" src=\"http:\/\/media.larena.it\/media\/siti\/quotidiani_web-v3\/images\/logos\/are_mini.png\" alt=\"\" \/><\/div>\n<\/div>\n<\/div>\n<div>\n<div>\n<p>Il Wwf mobilita associazioni e cultura italiana a difesa della Valpolicella. Averardo Amadio, presidente onorario del Wwf Veneto, ha scritto al vicepresidente della Regione, Marino Zorzato, gi\u00e0 incontrato con altri gruppi lo scorso 5 dicembre a Gargagnago, nella tenuta Serego Alighieri. Si tratta di una lettera-appello, che contiene specifiche richieste, condivisa non solo da altre tre associazioni locali &#8211; SalValpolicella, Terra Viva e Valpolicella 2000 &#8211; e dallo studio di urbanistica dell&#8217;ingegner Giovanni Montresor, di Verona, ma anche da 24 autorevoli rappresentanti della mondo accademico e culturale italiano (l&#8217;elenco completo a fianco), tra cui: Salvatore Settis, professore alla Normale di Pisa; Franco Prodi, gi\u00e0 docente di fisica dell&#8217;atmosfera all&#8217;Universit\u00e0 di Ferrara; Ilvo Diamanti, docente di scienze politiche all&#8217;Universit\u00e0 di Urbino; Paolo Alghisi, presidente sezione Nord Est dell&#8217;Accademia dei Georgofili; Fulco Pratesi, presidente onorario del Wwf; Vittorio Emiliani, presidente del Comitato per la Bellezza.<br \/>\nPer il Wwf la situazione in Valpolicella \u00e8 preoccupante. A partire da dati come l&#8217;aumento del numero di abitanti. \u00abIn circa 50 anni la popolazione \u00e8 raddoppiata, passando da 35mila a 70mila persone, con una densit\u00e0 di 365 abitanti per chilometro quadrato\u00bb, spiega Amadio. \u00ab\u00c8 quasi il doppio dei 200 della media nazionale, ben 18 volte superiore a zone italiane ad alta vocazione vinicola, come Montalcino, in provincia di Siena\u00bb.<br \/>\nIl tutto \u00e8 stato una conseguenza, sottolinea, \u00abdell&#8217;attuazione di Piani regolatori dei Comuni, approvati dalla Regione, con scarsa attenzione ai valori di territorio e paesaggio\u00bb. E ancora: \u00abNegrarizzazione \u00e8 un neologismo, ampiamente meritato, per indicare scriteriati interventi urbanistici nel comune di Negrar, pur nel rispetto delle norme. Alcuni nomi? Montericco, Jago, Moron, Valfiorita. Ma dato che la negrarizzazione \u00e8 categoria comune anche ad altri centri, e che ha avuto luogo nel rispetto dei vari piani regolatori, \u00e8 evidente la manifesta incapacit\u00e0 dei singoli comuni a pianificare il proprio territorio o l&#8217;impossibilit\u00e0 di farlo, magari per eccesso di pressioni esterne\u00bb. A chi si oppone a nuove lottizzazioni, per\u00f2, il sindaco di Negrar, Giorgio Dal Negro, spesso risponde: \u00abCos\u00ec facciamo lavorare le imprese\u00bb. \u00abCon ulteriore grave danno a suoli agricoli e paesaggio\u00bb, ribatte il Wwf.<br \/>\nOra la cordata di associazioni e i 24 studiosi alzano la mano per dire alt. Nella lettera a Zorzato, Amadio e Montresor parlano chiaro: \u00abChiediamo al vicepresidente veneto di porre in essere tutte le iniziative di sua competenza affinch\u00e9 la Valpolicella sia considerata un&#8217;area geografica omogenea, anche per ben valutare interventi urbanistici e infrastrutturali\u00bb. Mica per niente, ricorda il presidente di SalValpolicella Pier Alvise Serego Alighieri, \u00abla consapevolezza dell&#8217;omogeneit\u00e0 del territorio e dei suoi valori hanno portato anni fa alla proposta di legge, sottoscritta da 6mila cittadini e non ancora esaminata, per istituire un parco regionale\u00bb.<br \/>\nNella lettera si passa poi ai punti critici: \u00abZorzato convinca il sindaco di Negrar a rivedere il Piano degli interventi, specialmente per le nuove aree residenziali a ridosso delle sei ville venete di Arbizzano\u00bb, prosegue Amadio, \u00absospenda l&#8217;accordo di programma tra Comune di San Pietro e Regione per l&#8217;area ex Lonardi, non consenta la costruzione della centrale a biomasse a San Pietro, verifichi la congruit\u00e0 del Pat di Fumane e si esprima negativamente sul progetto di escavazione della collina di Marezzane\u00bb. Non sar\u00e0 troppo? \u00abChiediamo di privilegiare la cultura, che pu\u00f2 servire anche per mangiare\u00bb, conclude. \u00abCon noi c&#8217;\u00e8 una crescente parte dell&#8217;opinione pubblica\u00bb.<\/p>\n<div>Camilla Madinelli<\/div>\n<\/div>\n<\/div>\n","protected":false},"excerpt":{"rendered":"<p>\u00abCara Regione, la Valpolicella ha bisogno di essere salvata\u00bb Personalit\u00e0 di spicco come Diamanti, Prodi, Settis, Pratesi, Emiliani invitano a bloccare i progetti per Arbizzano, San Pietro e Marezzane &nbsp; Il Wwf mobilita associazioni e cultura italiana a difesa della Valpolicella. Averardo Amadio, presidente onorario del Wwf Veneto, ha scritto al vicepresidente della Regione, Marino &hellip; <\/p>\n<p><a class=\"more-link btn\" href=\"https:\/\/www.maranovalpolicella.it\/valpolicella2000\/?p=579\">Continua a leggere<\/a><\/p>\n","protected":false},"author":1,"featured_media":480,"comment_status":"open","ping_status":"open","sticky":false,"template":"","format":"standard","meta":{"footnotes":""},"categories":[9,4,10],"tags":[],"class_list":["post-579","post","type-post","status-publish","format-standard","has-post-thumbnail","hentry","category-evidenza","category-giornale-larena","category-home","item-wrap"],"_links":{"self":[{"href":"https:\/\/www.maranovalpolicella.it\/valpolicella2000\/index.php?rest_route=\/wp\/v2\/posts\/579","targetHints":{"allow":["GET"]}}],"collection":[{"href":"https:\/\/www.maranovalpolicella.it\/valpolicella2000\/index.php?rest_route=\/wp\/v2\/posts"}],"about":[{"href":"https:\/\/www.maranovalpolicella.it\/valpolicella2000\/index.php?rest_route=\/wp\/v2\/types\/post"}],"author":[{"embeddable":true,"href":"https:\/\/www.maranovalpolicella.it\/valpolicella2000\/index.php?rest_route=\/wp\/v2\/users\/1"}],"replies":[{"embeddable":true,"href":"https:\/\/www.maranovalpolicella.it\/valpolicella2000\/index.php?rest_route=%2Fwp%2Fv2%2Fcomments&post=579"}],"version-history":[{"count":4,"href":"https:\/\/www.maranovalpolicella.it\/valpolicella2000\/index.php?rest_route=\/wp\/v2\/posts\/579\/revisions"}],"predecessor-version":[{"id":834,"href":"https:\/\/www.maranovalpolicella.it\/valpolicella2000\/index.php?rest_route=\/wp\/v2\/posts\/579\/revisions\/834"}],"wp:featuredmedia":[{"embeddable":true,"href":"https:\/\/www.maranovalpolicella.it\/valpolicella2000\/index.php?rest_route=\/wp\/v2\/media\/480"}],"wp:attachment":[{"href":"https:\/\/www.maranovalpolicella.it\/valpolicella2000\/index.php?rest_route=%2Fwp%2Fv2%2Fmedia&parent=579"}],"wp:term":[{"taxonomy":"category","embeddable":true,"href":"https:\/\/www.maranovalpolicella.it\/valpolicella2000\/index.php?rest_route=%2Fwp%2Fv2%2Fcategories&post=579"},{"taxonomy":"post_tag","embeddable":true,"href":"https:\/\/www.maranovalpolicella.it\/valpolicella2000\/index.php?rest_route=%2Fwp%2Fv2%2Ftags&post=579"}],"curies":[{"name":"wp","href":"https:\/\/api.w.org\/{rel}","templated":true}]}}